{"id":578,"date":"2026-09-03T06:39:10","date_gmt":"2026-09-03T06:39:10","guid":{"rendered":"https:\/\/lobitowebsite.com\/?p=578"},"modified":"2026-09-03T06:39:11","modified_gmt":"2026-09-03T06:39:11","slug":"lobito-assinala-113-o-aniversario-com-foco-no-desenvolvimento-economico-e-social","status":"publish","type":"post","link":"https:\/\/lobitowebsite.com\/?p=578","title":{"rendered":"LOBITO ASSINALA 113.\u00ba ANIVERS\u00c1RIO COM FOCO NO DESENVOLVIMENTO ECON\u00d3MICO E SOCIAL"},"content":{"rendered":"\n<p>As celebra\u00e7\u00f5es decorreram sob o lema &#8220;113 anos, um abra\u00e7o ao Lobito&#8221; e foram marcadas por mensagens de encorajamento, esperan\u00e7a e confian\u00e7a no futuro da cidade.<\/p>\n\n\n\n<p><br>A cerim\u00f3nia central contou com a presen\u00e7a do Ministro das Telecomunica\u00e7\u00f5es, Tecnologias de Informa\u00e7\u00e3o e Comunica\u00e7\u00e3o Social, M\u00e1rio Augusto da Silva Oliveira, e de membros do Governo Provincial de Benguela.<\/p>\n\n\n\n<p><br>Na ocasi\u00e3o, o Governador Provincial de Benguela, Manuel Nunes J\u00fanior, destacou a import\u00e2ncia estrat\u00e9gica do Lobito para a economia nacional. Para o governante, o munic\u00edpio \u00e9 hist\u00f3rico e de grande relev\u00e2ncia para a prov\u00edncia e para o pa\u00eds, por integrar o estrat\u00e9gico Corredor do Lobito.<\/p>\n\n\n\n<p><br>Segundo Manuel Nunes J\u00fanior, est\u00e3o em curso e previstos v\u00e1rios projectos destinados a refor\u00e7ar o desenvolvimento econ\u00f3mico e social do munic\u00edpio. As interven\u00e7\u00f5es abrangem os sectores da energia, \u00e1gua, acessibilidades e com\u00e9rcio, com destaque para a constru\u00e7\u00e3o e requalifica\u00e7\u00e3o de mercados.<\/p>\n\n\n\n<p><br>O Governador comparou o lan\u00e7amento das primeiras pedras dos projectos ao acto de \u201csemear\u201d, sublinhando que os investimentos realizados dever\u00e3o produzir resultados concretos ainda no final deste ano e no in\u00edcio de 2027.<br>\u201cTodos juntos conseguiremos fazer aquilo que o Lobito precisa. Se estivermos unidos como temos estado at\u00e9 agora, certamente teremos resultados positivos\u201dafirmou.<\/p>\n\n\n\n<p><br>Na sua interven\u00e7\u00e3o, Manuel Nunes J\u00fanior apelou aos mun\u00edcipes para manterem a esperan\u00e7a e o optimismo, defendendo a uni\u00e3o de esfor\u00e7os entre as autoridades e a popula\u00e7\u00e3o para garantir o desenvolvimento sustent\u00e1vel do munic\u00edpio.<\/p>\n\n\n\n<p><br>O Governador referiu ainda que a entrada em funcionamento da ZAP Fibra no Lobito poder\u00e1 contribuir para aumentar a concorr\u00eancia no sector das telecomunica\u00e7\u00f5es, melhorar a qualidade dos servi\u00e7os de internet e proporcionar maiores benef\u00edcios aos consumidores.<\/p>\n\n\n\n<p><br>Ao concluir, o Governador Provincial agradeceu a presen\u00e7a do Ministro das Telecomunica\u00e7\u00f5es, Tecnologias de Informa\u00e7\u00e3o e Comunica\u00e7\u00e3o Social e das demais entidades presentes, desejando aos mun\u00edcipes do Lobito um anivers\u00e1rio marcado pela alegria e pela confian\u00e7a no futuro.<\/p>\n\n\n\n<p>This article was originally posted by benguela.gov.ao.<\/p>\n","protected":false},"excerpt":{"rendered":"<p>As celebra\u00e7\u00f5es decorreram sob o lema &#8220;113 anos, um abra\u00e7o ao Lobito&#8221; e foram marcadas por mensagens de<\/p>\n","protected":false},"author":1,"featured_media":579,"comment_status":"open","ping_status":"open","sticky":false,"template":"","format":"standard","meta":{"footnotes":""},"categories":[13,50],"tags":[252,253,65],"class_list":["post-578","post","type-post","status-publish","format-standard","has-post-thumbnail","hentry","category-destaque","category-lobito","tag-252","tag-aniversario","tag-lobito"],"_links":{"self":[{"href":"https:\/\/lobitowebsite.com\/index.php?rest_route=\/wp\/v2\/posts\/578","targetHints":{"allow":["GET"]}}],"collection":[{"href":"https:\/\/lobitowebsite.com\/index.php?rest_route=\/wp\/v2\/posts"}],"about":[{"href":"https:\/\/lobitowebsite.com\/index.php?rest_route=\/wp\/v2\/types\/post"}],"author":[{"embeddable":true,"href":"https:\/\/lobitowebsite.com\/index.php?rest_route=\/wp\/v2\/users\/1"}],"replies":[{"embeddable":true,"href":"https:\/\/lobitowebsite.com\/index.php?rest_route=%2Fwp%2Fv2%2Fcomments&post=578"}],"version-history":[{"count":1,"href":"https:\/\/lobitowebsite.com\/index.php?rest_route=\/wp\/v2\/posts\/578\/revisions"}],"predecessor-version":[{"id":580,"href":"https:\/\/lobitowebsite.com\/index.php?rest_route=\/wp\/v2\/posts\/578\/revisions\/580"}],"wp:featuredmedia":[{"embeddable":true,"href":"https:\/\/lobitowebsite.com\/index.php?rest_route=\/wp\/v2\/media\/579"}],"wp:attachment":[{"href":"https:\/\/lobitowebsite.com\/index.php?rest_route=%2Fwp%2Fv2%2Fmedia&parent=578"}],"wp:term":[{"taxonomy":"category","embeddable":true,"href":"https:\/\/lobitowebsite.com\/index.php?rest_route=%2Fwp%2Fv2%2Fcategories&post=578"},{"taxonomy":"post_tag","embeddable":true,"href":"https:\/\/lobitowebsite.com\/index.php?rest_route=%2Fwp%2Fv2%2Ftags&post=578"}],"curies":[{"name":"wp","href":"https:\/\/api.w.org\/{rel}","templated":true}]}}